{"id":313,"date":"2018-12-01T18:01:02","date_gmt":"2018-12-01T18:01:02","guid":{"rendered":"http:\/\/www.davideblandino.it\/blog\/?p=313"},"modified":"2018-12-01T20:55:49","modified_gmt":"2018-12-01T20:55:49","slug":"monster-glass","status":"publish","type":"post","link":"https:\/\/www.davideblandino.it\/blog\/2018\/12\/01\/monster-glass\/","title":{"rendered":"[REVIEW] Fujifilm XF 8-16 f\/2.8 R LM WR Monster Glass"},"content":{"rendered":"<p>Non ricordo pi\u00f9 quanti millenni fa Fuji ha annunciato che avrebbe realizzato un 8-16 con badge XF rosso e f\/2.8 fisso. Pochi minuti pi\u00f9 tardi ricordo solo che era partita la telefonata a\u00a0<a href=\"http:\/\/www.astarita.homeip.net\/eCommerce\/foto\">Daniele<\/a> per prenotare il primo in arrivo in Italia.<\/p>\n<p>Cos\u00ec \u00e8 stato ma l&#8217;attesa \u00e8 stata assolutamente snervante.<\/p>\n<figure id=\"attachment_315\" aria-describedby=\"caption-attachment-315\" style=\"width: 2000px\" class=\"wp-caption alignnone\"><a href=\"http:\/\/www.davideblandino.it\/blog\/wp-content\/uploads\/2018\/12\/DBH3301.jpg\"><img loading=\"lazy\" decoding=\"async\" class=\"size-full wp-image-315\" src=\"http:\/\/www.davideblandino.it\/blog\/wp-content\/uploads\/2018\/12\/DBH3301.jpg\" alt=\"\" width=\"2000\" height=\"2500\" srcset=\"https:\/\/www.davideblandino.it\/blog\/wp-content\/uploads\/2018\/12\/DBH3301.jpg 2000w, https:\/\/www.davideblandino.it\/blog\/wp-content\/uploads\/2018\/12\/DBH3301-240x300.jpg 240w, https:\/\/www.davideblandino.it\/blog\/wp-content\/uploads\/2018\/12\/DBH3301-768x960.jpg 768w, https:\/\/www.davideblandino.it\/blog\/wp-content\/uploads\/2018\/12\/DBH3301-819x1024.jpg 819w\" sizes=\"auto, (max-width: 2000px) 100vw, 2000px\" \/><\/a><figcaption id=\"caption-attachment-315\" class=\"wp-caption-text\">Eccolo in tutta la sua ingombranza<\/figcaption><\/figure>\n<p>Non sono passati che pochi secondi ed era gi\u00e0 montato sulla X-H1.<\/p>\n<p><a href=\"http:\/\/www.davideblandino.it\/blog\/wp-content\/uploads\/2018\/12\/20181201_134721.jpg\"><img loading=\"lazy\" decoding=\"async\" class=\"alignnone size-full wp-image-314\" src=\"http:\/\/www.davideblandino.it\/blog\/wp-content\/uploads\/2018\/12\/20181201_134721.jpg\" alt=\"\" width=\"4032\" height=\"2268\" srcset=\"https:\/\/www.davideblandino.it\/blog\/wp-content\/uploads\/2018\/12\/20181201_134721.jpg 4032w, https:\/\/www.davideblandino.it\/blog\/wp-content\/uploads\/2018\/12\/20181201_134721-300x169.jpg 300w, https:\/\/www.davideblandino.it\/blog\/wp-content\/uploads\/2018\/12\/20181201_134721-768x432.jpg 768w, https:\/\/www.davideblandino.it\/blog\/wp-content\/uploads\/2018\/12\/20181201_134721-1024x576.jpg 1024w\" sizes=\"auto, (max-width: 4032px) 100vw, 4032px\" \/><\/a><\/p>\n<p>Grande, grosso, si bilancia bene sulla X-H1 e permette tempi di scatto pazzeschi in combinazione con l&#8217;IBIS dell&#8217;ammiraglia Fuji.<\/p>\n<figure id=\"attachment_335\" aria-describedby=\"caption-attachment-335\" style=\"width: 2500px\" class=\"wp-caption alignnone\"><a href=\"http:\/\/www.davideblandino.it\/blog\/wp-content\/uploads\/2018\/12\/DBH3244.jpg\"><img loading=\"lazy\" decoding=\"async\" class=\"size-full wp-image-335\" src=\"http:\/\/www.davideblandino.it\/blog\/wp-content\/uploads\/2018\/12\/DBH3244.jpg\" alt=\"\" width=\"2500\" height=\"1667\" srcset=\"https:\/\/www.davideblandino.it\/blog\/wp-content\/uploads\/2018\/12\/DBH3244.jpg 2500w, https:\/\/www.davideblandino.it\/blog\/wp-content\/uploads\/2018\/12\/DBH3244-300x200.jpg 300w, https:\/\/www.davideblandino.it\/blog\/wp-content\/uploads\/2018\/12\/DBH3244-768x512.jpg 768w, https:\/\/www.davideblandino.it\/blog\/wp-content\/uploads\/2018\/12\/DBH3244-1024x683.jpg 1024w, https:\/\/www.davideblandino.it\/blog\/wp-content\/uploads\/2018\/12\/DBH3244-840x560.jpg 840w, https:\/\/www.davideblandino.it\/blog\/wp-content\/uploads\/2018\/12\/DBH3244-120x80.jpg 120w, https:\/\/www.davideblandino.it\/blog\/wp-content\/uploads\/2018\/12\/DBH3244-360x240.jpg 360w, https:\/\/www.davideblandino.it\/blog\/wp-content\/uploads\/2018\/12\/DBH3244-600x400.jpg 600w\" sizes=\"auto, (max-width: 2500px) 100vw, 2500px\" \/><\/a><figcaption id=\"caption-attachment-335\" class=\"wp-caption-text\">1\/3s Mano Libera e X-H1.<\/figcaption><\/figure>\n<p>La settimana \u00e8 stata intensa e sono riuscito solo a farci qualche scatto oggi.<\/p>\n<p>Il primo raffronto \u00e8 ovviamente con il 16-55 f\/2.8, suo fratello in armi nell&#8217;utilizzo professionale del sistema fuji. Sono fratelli si, ma uno \u00e8 abituato a mangiare piuttosto pesante.<\/p>\n<figure id=\"attachment_316\" aria-describedby=\"caption-attachment-316\" style=\"width: 2500px\" class=\"wp-caption alignnone\"><a href=\"http:\/\/www.davideblandino.it\/blog\/wp-content\/uploads\/2018\/12\/DBH3300.jpg\"><img loading=\"lazy\" decoding=\"async\" class=\"size-full wp-image-316\" src=\"http:\/\/www.davideblandino.it\/blog\/wp-content\/uploads\/2018\/12\/DBH3300.jpg\" alt=\"\" width=\"2500\" height=\"1667\" srcset=\"https:\/\/www.davideblandino.it\/blog\/wp-content\/uploads\/2018\/12\/DBH3300.jpg 2500w, https:\/\/www.davideblandino.it\/blog\/wp-content\/uploads\/2018\/12\/DBH3300-300x200.jpg 300w, https:\/\/www.davideblandino.it\/blog\/wp-content\/uploads\/2018\/12\/DBH3300-768x512.jpg 768w, https:\/\/www.davideblandino.it\/blog\/wp-content\/uploads\/2018\/12\/DBH3300-1024x683.jpg 1024w, https:\/\/www.davideblandino.it\/blog\/wp-content\/uploads\/2018\/12\/DBH3300-840x560.jpg 840w, https:\/\/www.davideblandino.it\/blog\/wp-content\/uploads\/2018\/12\/DBH3300-120x80.jpg 120w, https:\/\/www.davideblandino.it\/blog\/wp-content\/uploads\/2018\/12\/DBH3300-360x240.jpg 360w, https:\/\/www.davideblandino.it\/blog\/wp-content\/uploads\/2018\/12\/DBH3300-600x400.jpg 600w\" sizes=\"auto, (max-width: 2500px) 100vw, 2500px\" \/><\/a><figcaption id=\"caption-attachment-316\" class=\"wp-caption-text\">Confronto all&#8217;ammericana tra i due gioielli fuji. (Immagine scattata con il terzo fratello gioiello, XF 50-140)<\/figcaption><\/figure>\n<p>Si nota come, l&#8217;8-16 \u00e8 discretamente pi\u00f9 ciccio, un poco pi\u00f9 lungo e molto pi\u00f9 pesante. Si, ha il paraluce integrato che non si pu\u00f2 togliere, ma sotto \u00e8 nascosta una rotonda lente frontale.<\/p>\n<figure id=\"attachment_317\" aria-describedby=\"caption-attachment-317\" style=\"width: 2500px\" class=\"wp-caption alignnone\"><a href=\"http:\/\/www.davideblandino.it\/blog\/wp-content\/uploads\/2018\/12\/DBH3302.jpg\"><img loading=\"lazy\" decoding=\"async\" class=\"size-full wp-image-317\" src=\"http:\/\/www.davideblandino.it\/blog\/wp-content\/uploads\/2018\/12\/DBH3302.jpg\" alt=\"\" width=\"2500\" height=\"1667\" srcset=\"https:\/\/www.davideblandino.it\/blog\/wp-content\/uploads\/2018\/12\/DBH3302.jpg 2500w, https:\/\/www.davideblandino.it\/blog\/wp-content\/uploads\/2018\/12\/DBH3302-300x200.jpg 300w, https:\/\/www.davideblandino.it\/blog\/wp-content\/uploads\/2018\/12\/DBH3302-768x512.jpg 768w, https:\/\/www.davideblandino.it\/blog\/wp-content\/uploads\/2018\/12\/DBH3302-1024x683.jpg 1024w, https:\/\/www.davideblandino.it\/blog\/wp-content\/uploads\/2018\/12\/DBH3302-840x560.jpg 840w, https:\/\/www.davideblandino.it\/blog\/wp-content\/uploads\/2018\/12\/DBH3302-120x80.jpg 120w, https:\/\/www.davideblandino.it\/blog\/wp-content\/uploads\/2018\/12\/DBH3302-360x240.jpg 360w, https:\/\/www.davideblandino.it\/blog\/wp-content\/uploads\/2018\/12\/DBH3302-600x400.jpg 600w\" sizes=\"auto, (max-width: 2500px) 100vw, 2500px\" \/><\/a><figcaption id=\"caption-attachment-317\" class=\"wp-caption-text\">Cavolo se \u00e8 sexy<\/figcaption><\/figure>\n<p><strong>Qualit\u00e0 ottica? Da venderne&#8230;<\/strong><\/p>\n<p>E&#8217; indiscutibile, da 8 a 16, da bordo a bordo anche a 2.8. Ho avuto il tamron 15-30 e ho schifato la resa del 14-24 nikon. In fuji, il 10-24, che \u00e8 solo un fratello triste di quest&#8217;ottica. Un po&#8217; come il 16-35 in nikon era il fratello triste del 15-30 tamron. Carattere, questo rende un&#8217;ottica migliore dell&#8217;altra.<\/p>\n<p>Ora, l&#8217;8-16 arriva all&#8217;eccellenza ricorrendo anche a biechi trucchi. Lo dico subito per farvi felici ma se non ve lo avessi detto non ve ne sareste accorti mai. Bara sulla distorsione, gi\u00e0 in macchina lo vedete rettilineo da far venire i brividi&#8230; beh, \u00e8 un trucco ben fatto.<\/p>\n<figure id=\"attachment_318\" aria-describedby=\"caption-attachment-318\" style=\"width: 2048px\" class=\"wp-caption alignnone\"><a href=\"http:\/\/www.davideblandino.it\/blog\/wp-content\/uploads\/2018\/12\/8mm.png\"><img loading=\"lazy\" decoding=\"async\" class=\"size-full wp-image-318\" src=\"http:\/\/www.davideblandino.it\/blog\/wp-content\/uploads\/2018\/12\/8mm.png\" alt=\"\" width=\"2048\" height=\"1365\" srcset=\"https:\/\/www.davideblandino.it\/blog\/wp-content\/uploads\/2018\/12\/8mm.png 2048w, https:\/\/www.davideblandino.it\/blog\/wp-content\/uploads\/2018\/12\/8mm-300x200.png 300w, https:\/\/www.davideblandino.it\/blog\/wp-content\/uploads\/2018\/12\/8mm-768x512.png 768w, https:\/\/www.davideblandino.it\/blog\/wp-content\/uploads\/2018\/12\/8mm-1024x683.png 1024w, https:\/\/www.davideblandino.it\/blog\/wp-content\/uploads\/2018\/12\/8mm-840x560.png 840w, https:\/\/www.davideblandino.it\/blog\/wp-content\/uploads\/2018\/12\/8mm-120x80.png 120w, https:\/\/www.davideblandino.it\/blog\/wp-content\/uploads\/2018\/12\/8mm-360x240.png 360w, https:\/\/www.davideblandino.it\/blog\/wp-content\/uploads\/2018\/12\/8mm-600x400.png 600w\" sizes=\"auto, (max-width: 2048px) 100vw, 2048px\" \/><\/a><figcaption id=\"caption-attachment-318\" class=\"wp-caption-text\">Correzione distorsione in macchina nel lato destro dell&#8217;immagine. 8 mm.<\/figcaption><\/figure>\n<figure id=\"attachment_319\" aria-describedby=\"caption-attachment-319\" style=\"width: 2048px\" class=\"wp-caption alignnone\"><a href=\"http:\/\/www.davideblandino.it\/blog\/wp-content\/uploads\/2018\/12\/16mm.png\"><img loading=\"lazy\" decoding=\"async\" class=\"size-full wp-image-319\" src=\"http:\/\/www.davideblandino.it\/blog\/wp-content\/uploads\/2018\/12\/16mm.png\" alt=\"\" width=\"2048\" height=\"1365\" srcset=\"https:\/\/www.davideblandino.it\/blog\/wp-content\/uploads\/2018\/12\/16mm.png 2048w, https:\/\/www.davideblandino.it\/blog\/wp-content\/uploads\/2018\/12\/16mm-300x200.png 300w, https:\/\/www.davideblandino.it\/blog\/wp-content\/uploads\/2018\/12\/16mm-768x512.png 768w, https:\/\/www.davideblandino.it\/blog\/wp-content\/uploads\/2018\/12\/16mm-1024x683.png 1024w, https:\/\/www.davideblandino.it\/blog\/wp-content\/uploads\/2018\/12\/16mm-840x560.png 840w, https:\/\/www.davideblandino.it\/blog\/wp-content\/uploads\/2018\/12\/16mm-120x80.png 120w, https:\/\/www.davideblandino.it\/blog\/wp-content\/uploads\/2018\/12\/16mm-360x240.png 360w, https:\/\/www.davideblandino.it\/blog\/wp-content\/uploads\/2018\/12\/16mm-600x400.png 600w\" sizes=\"auto, (max-width: 2048px) 100vw, 2048px\" \/><\/a><figcaption id=\"caption-attachment-319\" class=\"wp-caption-text\">Correzione distorsione in macchina nel lato destro dell&#8217;immagine. 16 mm.<\/figcaption><\/figure>\n<p>Ovviamente la distorsione da 8 a 16 si inverte e si passa da un barile ad un cuscino discretamente pronunciato. Quello che pu\u00f2 essere apprezzato, se veramente vogliamo disabilitare la correzione di default applicata da Fuji \u00e8 che non fa baffi vistosi, \u00e8 distorto (circa 9%) ma \u00e8 lineare che \u00e8 un gran pregio.<\/p>\n<figure id=\"attachment_326\" aria-describedby=\"caption-attachment-326\" style=\"width: 2500px\" class=\"wp-caption alignnone\"><a href=\"http:\/\/www.davideblandino.it\/blog\/wp-content\/uploads\/2018\/12\/DBH3309.jpg\"><img loading=\"lazy\" decoding=\"async\" class=\"size-full wp-image-326\" src=\"http:\/\/www.davideblandino.it\/blog\/wp-content\/uploads\/2018\/12\/DBH3309.jpg\" alt=\"\" width=\"2500\" height=\"1667\" srcset=\"https:\/\/www.davideblandino.it\/blog\/wp-content\/uploads\/2018\/12\/DBH3309.jpg 2500w, https:\/\/www.davideblandino.it\/blog\/wp-content\/uploads\/2018\/12\/DBH3309-300x200.jpg 300w, https:\/\/www.davideblandino.it\/blog\/wp-content\/uploads\/2018\/12\/DBH3309-768x512.jpg 768w, https:\/\/www.davideblandino.it\/blog\/wp-content\/uploads\/2018\/12\/DBH3309-1024x683.jpg 1024w, https:\/\/www.davideblandino.it\/blog\/wp-content\/uploads\/2018\/12\/DBH3309-840x560.jpg 840w, https:\/\/www.davideblandino.it\/blog\/wp-content\/uploads\/2018\/12\/DBH3309-120x80.jpg 120w, https:\/\/www.davideblandino.it\/blog\/wp-content\/uploads\/2018\/12\/DBH3309-360x240.jpg 360w, https:\/\/www.davideblandino.it\/blog\/wp-content\/uploads\/2018\/12\/DBH3309-600x400.jpg 600w\" sizes=\"auto, (max-width: 2500px) 100vw, 2500px\" \/><\/a><figcaption id=\"caption-attachment-326\" class=\"wp-caption-text\">Una piazza rettilinea, lineare e precisa. Inutile in pratica se non per provare l&#8217;8-16.<\/figcaption><\/figure>\n<p>Ora vorrete sapere come sono i bordi&#8230;<\/p>\n<figure id=\"attachment_320\" aria-describedby=\"caption-attachment-320\" style=\"width: 1920px\" class=\"wp-caption alignnone\"><a href=\"http:\/\/www.davideblandino.it\/blog\/wp-content\/uploads\/2018\/12\/Corner-Crop-100.png\"><img loading=\"lazy\" decoding=\"async\" class=\"size-full wp-image-320\" src=\"http:\/\/www.davideblandino.it\/blog\/wp-content\/uploads\/2018\/12\/Corner-Crop-100.png\" alt=\"\" width=\"1920\" height=\"1080\" srcset=\"https:\/\/www.davideblandino.it\/blog\/wp-content\/uploads\/2018\/12\/Corner-Crop-100.png 1920w, https:\/\/www.davideblandino.it\/blog\/wp-content\/uploads\/2018\/12\/Corner-Crop-100-300x169.png 300w, https:\/\/www.davideblandino.it\/blog\/wp-content\/uploads\/2018\/12\/Corner-Crop-100-768x432.png 768w, https:\/\/www.davideblandino.it\/blog\/wp-content\/uploads\/2018\/12\/Corner-Crop-100-1024x576.png 1024w\" sizes=\"auto, (max-width: 1920px) 100vw, 1920px\" \/><\/a><figcaption id=\"caption-attachment-320\" class=\"wp-caption-text\">I bordi spaccano il capello<\/figcaption><\/figure>\n<p>Qui sopra l&#8217;estremo in basso a destra&#8230; per me spacca il capello.<\/p>\n<p>Attenzione per\u00f2, su soggetti ravvicinati, la curvatura di campo e la profondit\u00e0 di campo ha una netta importanza in grandangoli cos\u00ec spinti.<\/p>\n<p>Lo sfocato \u00e8 passabile, ammesso di riuscire a mostrarlo, qui a 8 mm, in pratica la prima lente era sulla fontana.<\/p>\n<figure id=\"attachment_321\" aria-describedby=\"caption-attachment-321\" style=\"width: 2500px\" class=\"wp-caption alignnone\"><a href=\"http:\/\/www.davideblandino.it\/blog\/wp-content\/uploads\/2018\/12\/DBH3311.jpg\"><img loading=\"lazy\" decoding=\"async\" class=\"size-full wp-image-321\" src=\"http:\/\/www.davideblandino.it\/blog\/wp-content\/uploads\/2018\/12\/DBH3311.jpg\" alt=\"\" width=\"2500\" height=\"1667\" srcset=\"https:\/\/www.davideblandino.it\/blog\/wp-content\/uploads\/2018\/12\/DBH3311.jpg 2500w, https:\/\/www.davideblandino.it\/blog\/wp-content\/uploads\/2018\/12\/DBH3311-300x200.jpg 300w, https:\/\/www.davideblandino.it\/blog\/wp-content\/uploads\/2018\/12\/DBH3311-768x512.jpg 768w, https:\/\/www.davideblandino.it\/blog\/wp-content\/uploads\/2018\/12\/DBH3311-1024x683.jpg 1024w, https:\/\/www.davideblandino.it\/blog\/wp-content\/uploads\/2018\/12\/DBH3311-840x560.jpg 840w, https:\/\/www.davideblandino.it\/blog\/wp-content\/uploads\/2018\/12\/DBH3311-120x80.jpg 120w, https:\/\/www.davideblandino.it\/blog\/wp-content\/uploads\/2018\/12\/DBH3311-360x240.jpg 360w, https:\/\/www.davideblandino.it\/blog\/wp-content\/uploads\/2018\/12\/DBH3311-600x400.jpg 600w\" sizes=\"auto, (max-width: 2500px) 100vw, 2500px\" \/><\/a><figcaption id=\"caption-attachment-321\" class=\"wp-caption-text\">Sfocato e resistenza al flare, 8mm.<\/figcaption><\/figure>\n<p>Il trattamento Nano GI, qualsiasi cosa voglia dire fa bene il suo lavoro.<\/p>\n<p>La distanza minima di messa a fuoco \u00e8 quasi in battuta sulla prima lente e se volete potete fare scatti macro ai fiori.<\/p>\n<figure id=\"attachment_322\" aria-describedby=\"caption-attachment-322\" style=\"width: 2500px\" class=\"wp-caption alignnone\"><a href=\"http:\/\/www.davideblandino.it\/blog\/wp-content\/uploads\/2018\/12\/DBH3310.jpg\"><img loading=\"lazy\" decoding=\"async\" class=\"size-full wp-image-322\" src=\"http:\/\/www.davideblandino.it\/blog\/wp-content\/uploads\/2018\/12\/DBH3310.jpg\" alt=\"\" width=\"2500\" height=\"1667\" srcset=\"https:\/\/www.davideblandino.it\/blog\/wp-content\/uploads\/2018\/12\/DBH3310.jpg 2500w, https:\/\/www.davideblandino.it\/blog\/wp-content\/uploads\/2018\/12\/DBH3310-300x200.jpg 300w, https:\/\/www.davideblandino.it\/blog\/wp-content\/uploads\/2018\/12\/DBH3310-768x512.jpg 768w, https:\/\/www.davideblandino.it\/blog\/wp-content\/uploads\/2018\/12\/DBH3310-1024x683.jpg 1024w, https:\/\/www.davideblandino.it\/blog\/wp-content\/uploads\/2018\/12\/DBH3310-840x560.jpg 840w, https:\/\/www.davideblandino.it\/blog\/wp-content\/uploads\/2018\/12\/DBH3310-120x80.jpg 120w, https:\/\/www.davideblandino.it\/blog\/wp-content\/uploads\/2018\/12\/DBH3310-360x240.jpg 360w, https:\/\/www.davideblandino.it\/blog\/wp-content\/uploads\/2018\/12\/DBH3310-600x400.jpg 600w\" sizes=\"auto, (max-width: 2500px) 100vw, 2500px\" \/><\/a><figcaption id=\"caption-attachment-322\" class=\"wp-caption-text\">Wide angle macro?<\/figcaption><\/figure>\n<p>La curvatura di campo la vedrete eccome e le proporzioni da centro a bordo cambieranno vistosamente. Questa per\u00f2 \u00e8 fisica e la formula \u00e8 quella della tangente. Fuji non contravviene alla fisica.<\/p>\n<figure id=\"attachment_323\" aria-describedby=\"caption-attachment-323\" style=\"width: 1667px\" class=\"wp-caption alignnone\"><a href=\"http:\/\/www.davideblandino.it\/blog\/wp-content\/uploads\/2018\/12\/DBH3297.jpg\"><img loading=\"lazy\" decoding=\"async\" class=\"size-full wp-image-323\" src=\"http:\/\/www.davideblandino.it\/blog\/wp-content\/uploads\/2018\/12\/DBH3297.jpg\" alt=\"\" width=\"1667\" height=\"2500\" srcset=\"https:\/\/www.davideblandino.it\/blog\/wp-content\/uploads\/2018\/12\/DBH3297.jpg 1667w, https:\/\/www.davideblandino.it\/blog\/wp-content\/uploads\/2018\/12\/DBH3297-200x300.jpg 200w, https:\/\/www.davideblandino.it\/blog\/wp-content\/uploads\/2018\/12\/DBH3297-768x1152.jpg 768w, https:\/\/www.davideblandino.it\/blog\/wp-content\/uploads\/2018\/12\/DBH3297-683x1024.jpg 683w\" sizes=\"auto, (max-width: 1667px) 100vw, 1667px\" \/><\/a><figcaption id=\"caption-attachment-323\" class=\"wp-caption-text\">Ottima resa dei punti luminosi e resistenza al flare.<\/figcaption><\/figure>\n<p>La prova del controluce \u00e8 passata con profondo stupore. Non solo non compaiono fastidiosi flare, che invece distruggono focali simili della concorrenza, ma i punti luminosi sono stellati veramente in maniera piacevole. Questa sembra a tutti una stupidata ma fateci caso, tutte le ottiche fuji sono ben pensate proprio per questi piccoli dettagli.<\/p>\n<figure id=\"attachment_324\" aria-describedby=\"caption-attachment-324\" style=\"width: 2000px\" class=\"wp-caption alignnone\"><a href=\"http:\/\/www.davideblandino.it\/blog\/wp-content\/uploads\/2018\/12\/DBH3299.jpg\"><img loading=\"lazy\" decoding=\"async\" class=\"size-full wp-image-324\" src=\"http:\/\/www.davideblandino.it\/blog\/wp-content\/uploads\/2018\/12\/DBH3299.jpg\" alt=\"\" width=\"2000\" height=\"2500\" srcset=\"https:\/\/www.davideblandino.it\/blog\/wp-content\/uploads\/2018\/12\/DBH3299.jpg 2000w, https:\/\/www.davideblandino.it\/blog\/wp-content\/uploads\/2018\/12\/DBH3299-240x300.jpg 240w, https:\/\/www.davideblandino.it\/blog\/wp-content\/uploads\/2018\/12\/DBH3299-768x960.jpg 768w, https:\/\/www.davideblandino.it\/blog\/wp-content\/uploads\/2018\/12\/DBH3299-819x1024.jpg 819w\" sizes=\"auto, (max-width: 2000px) 100vw, 2000px\" \/><\/a><figcaption id=\"caption-attachment-324\" class=\"wp-caption-text\">Ottima resa dei punti luminosi e resistenza al flare.<\/figcaption><\/figure>\n<p>Ho provato anche a farci dei panorami, di solito con ottiche cos\u00ec grandangolari sono piuttosto problematici. Si, si vede l&#8217;effetto di curvatura ma la linearit\u00e0 delle linee verticali \u00e8 impressionante.<\/p>\n<figure id=\"attachment_325\" aria-describedby=\"caption-attachment-325\" style=\"width: 3081px\" class=\"wp-caption alignnone\"><a href=\"http:\/\/www.davideblandino.it\/blog\/wp-content\/uploads\/2018\/12\/DBH3303_stitch.png\"><img loading=\"lazy\" decoding=\"async\" class=\"size-full wp-image-325\" src=\"http:\/\/www.davideblandino.it\/blog\/wp-content\/uploads\/2018\/12\/DBH3303_stitch.png\" alt=\"\" width=\"3081\" height=\"2010\" srcset=\"https:\/\/www.davideblandino.it\/blog\/wp-content\/uploads\/2018\/12\/DBH3303_stitch.png 3081w, https:\/\/www.davideblandino.it\/blog\/wp-content\/uploads\/2018\/12\/DBH3303_stitch-300x196.png 300w, https:\/\/www.davideblandino.it\/blog\/wp-content\/uploads\/2018\/12\/DBH3303_stitch-768x501.png 768w, https:\/\/www.davideblandino.it\/blog\/wp-content\/uploads\/2018\/12\/DBH3303_stitch-1024x668.png 1024w\" sizes=\"auto, (max-width: 3081px) 100vw, 3081px\" \/><\/a><figcaption id=\"caption-attachment-325\" class=\"wp-caption-text\">La correzione della distorsione \u00e8 talmente buona che si riesce a fare un panorama.<\/figcaption><\/figure>\n<p>Nel camminare ne ho approfittato per fare qualche scatto alla City Life che cresce. Quasi tutti tra 8 e 12 mm. Si, perch\u00e8 \u00e8 uno zoom ed \u00e8 bene ricordarselo visto che gli 8mm sono una droga.<\/p>\n<figure id=\"attachment_327\" aria-describedby=\"caption-attachment-327\" style=\"width: 2500px\" class=\"wp-caption alignnone\"><a href=\"http:\/\/www.davideblandino.it\/blog\/wp-content\/uploads\/2018\/12\/DBH3312.jpg\"><img loading=\"lazy\" decoding=\"async\" class=\"size-full wp-image-327\" src=\"http:\/\/www.davideblandino.it\/blog\/wp-content\/uploads\/2018\/12\/DBH3312.jpg\" alt=\"\" width=\"2500\" height=\"1667\" srcset=\"https:\/\/www.davideblandino.it\/blog\/wp-content\/uploads\/2018\/12\/DBH3312.jpg 2500w, https:\/\/www.davideblandino.it\/blog\/wp-content\/uploads\/2018\/12\/DBH3312-300x200.jpg 300w, https:\/\/www.davideblandino.it\/blog\/wp-content\/uploads\/2018\/12\/DBH3312-768x512.jpg 768w, https:\/\/www.davideblandino.it\/blog\/wp-content\/uploads\/2018\/12\/DBH3312-1024x683.jpg 1024w, https:\/\/www.davideblandino.it\/blog\/wp-content\/uploads\/2018\/12\/DBH3312-840x560.jpg 840w, https:\/\/www.davideblandino.it\/blog\/wp-content\/uploads\/2018\/12\/DBH3312-120x80.jpg 120w, https:\/\/www.davideblandino.it\/blog\/wp-content\/uploads\/2018\/12\/DBH3312-360x240.jpg 360w, https:\/\/www.davideblandino.it\/blog\/wp-content\/uploads\/2018\/12\/DBH3312-600x400.jpg 600w\" sizes=\"auto, (max-width: 2500px) 100vw, 2500px\" \/><\/a><figcaption id=\"caption-attachment-327\" class=\"wp-caption-text\">Milano intanto va avanti nei lavori<\/figcaption><\/figure>\n<figure id=\"attachment_328\" aria-describedby=\"caption-attachment-328\" style=\"width: 2500px\" class=\"wp-caption alignnone\"><a href=\"http:\/\/www.davideblandino.it\/blog\/wp-content\/uploads\/2018\/12\/DBH3313.jpg\"><img loading=\"lazy\" decoding=\"async\" class=\"size-full wp-image-328\" src=\"http:\/\/www.davideblandino.it\/blog\/wp-content\/uploads\/2018\/12\/DBH3313.jpg\" alt=\"\" width=\"2500\" height=\"1667\" srcset=\"https:\/\/www.davideblandino.it\/blog\/wp-content\/uploads\/2018\/12\/DBH3313.jpg 2500w, https:\/\/www.davideblandino.it\/blog\/wp-content\/uploads\/2018\/12\/DBH3313-300x200.jpg 300w, https:\/\/www.davideblandino.it\/blog\/wp-content\/uploads\/2018\/12\/DBH3313-768x512.jpg 768w, https:\/\/www.davideblandino.it\/blog\/wp-content\/uploads\/2018\/12\/DBH3313-1024x683.jpg 1024w, https:\/\/www.davideblandino.it\/blog\/wp-content\/uploads\/2018\/12\/DBH3313-840x560.jpg 840w, https:\/\/www.davideblandino.it\/blog\/wp-content\/uploads\/2018\/12\/DBH3313-120x80.jpg 120w, https:\/\/www.davideblandino.it\/blog\/wp-content\/uploads\/2018\/12\/DBH3313-360x240.jpg 360w, https:\/\/www.davideblandino.it\/blog\/wp-content\/uploads\/2018\/12\/DBH3313-600x400.jpg 600w\" sizes=\"auto, (max-width: 2500px) 100vw, 2500px\" \/><\/a><figcaption id=\"caption-attachment-328\" class=\"wp-caption-text\">Verso l&#8217;alto<\/figcaption><\/figure>\n<figure id=\"attachment_329\" aria-describedby=\"caption-attachment-329\" style=\"width: 1531px\" class=\"wp-caption alignnone\"><a href=\"http:\/\/www.davideblandino.it\/blog\/wp-content\/uploads\/2018\/12\/DBH3316.jpg\"><img loading=\"lazy\" decoding=\"async\" class=\"size-full wp-image-329\" src=\"http:\/\/www.davideblandino.it\/blog\/wp-content\/uploads\/2018\/12\/DBH3316.jpg\" alt=\"\" width=\"1531\" height=\"2500\" srcset=\"https:\/\/www.davideblandino.it\/blog\/wp-content\/uploads\/2018\/12\/DBH3316.jpg 1531w, https:\/\/www.davideblandino.it\/blog\/wp-content\/uploads\/2018\/12\/DBH3316-184x300.jpg 184w, https:\/\/www.davideblandino.it\/blog\/wp-content\/uploads\/2018\/12\/DBH3316-768x1254.jpg 768w, https:\/\/www.davideblandino.it\/blog\/wp-content\/uploads\/2018\/12\/DBH3316-627x1024.jpg 627w\" sizes=\"auto, (max-width: 1531px) 100vw, 1531px\" \/><\/a><figcaption id=\"caption-attachment-329\" class=\"wp-caption-text\">Sempre 8 mm.<\/figcaption><\/figure>\n<p>In questa qui sopra si avverte eccome che gli 8 mm danno una prospettiva che va gestita e capita.<\/p>\n<figure id=\"attachment_330\" aria-describedby=\"caption-attachment-330\" style=\"width: 2691px\" class=\"wp-caption alignnone\"><a href=\"http:\/\/www.davideblandino.it\/blog\/wp-content\/uploads\/2018\/12\/DBH3318_stitch.png\"><img loading=\"lazy\" decoding=\"async\" class=\"size-full wp-image-330\" src=\"http:\/\/www.davideblandino.it\/blog\/wp-content\/uploads\/2018\/12\/DBH3318_stitch.png\" alt=\"\" width=\"2691\" height=\"2469\" srcset=\"https:\/\/www.davideblandino.it\/blog\/wp-content\/uploads\/2018\/12\/DBH3318_stitch.png 2691w, https:\/\/www.davideblandino.it\/blog\/wp-content\/uploads\/2018\/12\/DBH3318_stitch-300x275.png 300w, https:\/\/www.davideblandino.it\/blog\/wp-content\/uploads\/2018\/12\/DBH3318_stitch-768x705.png 768w, https:\/\/www.davideblandino.it\/blog\/wp-content\/uploads\/2018\/12\/DBH3318_stitch-1024x940.png 1024w\" sizes=\"auto, (max-width: 2691px) 100vw, 2691px\" \/><\/a><figcaption id=\"caption-attachment-330\" class=\"wp-caption-text\">La correzione della distorsione \u00e8 talmente buona che si riesce a fare un panorama.<\/figcaption><\/figure>\n<figure id=\"attachment_331\" aria-describedby=\"caption-attachment-331\" style=\"width: 1667px\" class=\"wp-caption alignnone\"><a href=\"http:\/\/www.davideblandino.it\/blog\/wp-content\/uploads\/2018\/12\/DBH3323.jpg\"><img loading=\"lazy\" decoding=\"async\" class=\"size-full wp-image-331\" src=\"http:\/\/www.davideblandino.it\/blog\/wp-content\/uploads\/2018\/12\/DBH3323.jpg\" alt=\"\" width=\"1667\" height=\"2500\" srcset=\"https:\/\/www.davideblandino.it\/blog\/wp-content\/uploads\/2018\/12\/DBH3323.jpg 1667w, https:\/\/www.davideblandino.it\/blog\/wp-content\/uploads\/2018\/12\/DBH3323-200x300.jpg 200w, https:\/\/www.davideblandino.it\/blog\/wp-content\/uploads\/2018\/12\/DBH3323-768x1152.jpg 768w, https:\/\/www.davideblandino.it\/blog\/wp-content\/uploads\/2018\/12\/DBH3323-683x1024.jpg 683w\" sizes=\"auto, (max-width: 1667px) 100vw, 1667px\" \/><\/a><figcaption id=\"caption-attachment-331\" class=\"wp-caption-text\">Il dettaglio di questa la 100% mi rende felice.<\/figcaption><\/figure>\n<figure id=\"attachment_332\" aria-describedby=\"caption-attachment-332\" style=\"width: 1667px\" class=\"wp-caption alignnone\"><a href=\"http:\/\/www.davideblandino.it\/blog\/wp-content\/uploads\/2018\/12\/DBH3325.jpg\"><img loading=\"lazy\" decoding=\"async\" class=\"size-full wp-image-332\" src=\"http:\/\/www.davideblandino.it\/blog\/wp-content\/uploads\/2018\/12\/DBH3325.jpg\" alt=\"\" width=\"1667\" height=\"2500\" srcset=\"https:\/\/www.davideblandino.it\/blog\/wp-content\/uploads\/2018\/12\/DBH3325.jpg 1667w, https:\/\/www.davideblandino.it\/blog\/wp-content\/uploads\/2018\/12\/DBH3325-200x300.jpg 200w, https:\/\/www.davideblandino.it\/blog\/wp-content\/uploads\/2018\/12\/DBH3325-768x1152.jpg 768w, https:\/\/www.davideblandino.it\/blog\/wp-content\/uploads\/2018\/12\/DBH3325-683x1024.jpg 683w\" sizes=\"auto, (max-width: 1667px) 100vw, 1667px\" \/><\/a><figcaption id=\"caption-attachment-332\" class=\"wp-caption-text\">Il dettaglio di questa la 100% mi rende felice.<\/figcaption><\/figure>\n<p>Insomma, un&#8217;ottica ben fatta.<br \/>\nCosta un&#8217;esagerazione per il sistema fuji. Si, questo \u00e8 vero ma \u00e8 anche la pi\u00f9 difficile da fare dal punto di vista tecnico. Un grandangolo spinto a f\/2.8 non \u00e8 appannaggio di tutti e fuji ha tirato fuori dal cilindro l&#8217;ottica che mancava nella linea XF con badge rosso.<\/p>\n<p>Per completare la P-Review e renderla una Review vorrei fare delle foto alle stelle, visto che si critica tanto l&#8217;appena accennata Coma ai bordi. Spero di riuscirci ma abitando a Milano non sar\u00e0 banale.<\/p>\n<p>Il confronto con l&#8217;XF 10-24 f\/4 invece non voglio farlo. Sono ottiche diverse, per utilizzi diversi, per persone diverse e per motivazioni diverse. Il 10-24 fa il suo compitino ma negli anni che l&#8217;ho avuto non mi ha dato emozioni significative. Ho sempre preferito piuttosto scattare col XF 16 f\/1.4, ottica di tutta altra pasta e carattere. Questo 8-16 ha carattere, personalit\u00e0 e questo per me \u00e8 quello che conta.<\/p>\n<p><strong>Difetti<\/strong><\/p>\n<p>Solo uno per ora. Solo con la X-H1, solo con tempi pi\u00f9 lunghi di 1\/5s.<\/p>\n<p>Il centro \u00e8 stabilizzato bene, i bordi diventano mossi. Non sempre ovviamente, dipende da quanto siamo fermi nello scatto. Penso sia un bachetto di giovent\u00f9 da risolvere. Indagher\u00f2 ulteriormente. Ovviamente con tempi lunghi e cavalletto non ci sono problemi.<\/p>\n<figure id=\"attachment_333\" aria-describedby=\"caption-attachment-333\" style=\"width: 1595px\" class=\"wp-caption alignnone\"><a href=\"http:\/\/www.davideblandino.it\/blog\/wp-content\/uploads\/2018\/12\/Centro-no.png\"><img loading=\"lazy\" decoding=\"async\" class=\"size-full wp-image-333\" src=\"http:\/\/www.davideblandino.it\/blog\/wp-content\/uploads\/2018\/12\/Centro-no.png\" alt=\"\" width=\"1595\" height=\"983\" srcset=\"https:\/\/www.davideblandino.it\/blog\/wp-content\/uploads\/2018\/12\/Centro-no.png 1595w, https:\/\/www.davideblandino.it\/blog\/wp-content\/uploads\/2018\/12\/Centro-no-300x185.png 300w, https:\/\/www.davideblandino.it\/blog\/wp-content\/uploads\/2018\/12\/Centro-no-768x473.png 768w, https:\/\/www.davideblandino.it\/blog\/wp-content\/uploads\/2018\/12\/Centro-no-1024x631.png 1024w\" sizes=\"auto, (max-width: 1595px) 100vw, 1595px\" \/><\/a><figcaption id=\"caption-attachment-333\" class=\"wp-caption-text\">Centro stabilizzato bene&#8230;<\/figcaption><\/figure>\n<figure id=\"attachment_334\" aria-describedby=\"caption-attachment-334\" style=\"width: 1598px\" class=\"wp-caption alignnone\"><a href=\"http:\/\/www.davideblandino.it\/blog\/wp-content\/uploads\/2018\/12\/Difetto-bordo.png\"><img loading=\"lazy\" decoding=\"async\" class=\"size-full wp-image-334\" src=\"http:\/\/www.davideblandino.it\/blog\/wp-content\/uploads\/2018\/12\/Difetto-bordo.png\" alt=\"\" width=\"1598\" height=\"989\" srcset=\"https:\/\/www.davideblandino.it\/blog\/wp-content\/uploads\/2018\/12\/Difetto-bordo.png 1598w, https:\/\/www.davideblandino.it\/blog\/wp-content\/uploads\/2018\/12\/Difetto-bordo-300x186.png 300w, https:\/\/www.davideblandino.it\/blog\/wp-content\/uploads\/2018\/12\/Difetto-bordo-768x475.png 768w, https:\/\/www.davideblandino.it\/blog\/wp-content\/uploads\/2018\/12\/Difetto-bordo-1024x634.png 1024w\" sizes=\"auto, (max-width: 1598px) 100vw, 1598px\" \/><\/a><figcaption id=\"caption-attachment-334\" class=\"wp-caption-text\">Bordo inspiegabilmente mosso? Leggermente fuori fuoco? Boh&#8230;.<\/figcaption><\/figure>\n","protected":false},"excerpt":{"rendered":"<p>Non ricordo pi\u00f9 quanti millenni fa Fuji ha annunciato che avrebbe realizzato un 8-16 con badge XF rosso e f\/2.8[&#8230;]<\/p>\n","protected":false},"author":1,"featured_media":314,"comment_status":"open","ping_status":"open","sticky":false,"template":"","format":"standard","meta":{"footnotes":""},"categories":[90,60],"tags":[92,93,91,94],"class_list":["post-313","post","type-post","status-publish","format-standard","has-post-thumbnail","hentry","category-fujifilm","category-lenti","tag-monster-glass","tag-wide-angle","tag-xf8-16","tag-zoom"],"_links":{"self":[{"href":"https:\/\/www.davideblandino.it\/blog\/wp-json\/wp\/v2\/posts\/313","targetHints":{"allow":["GET"]}}],"collection":[{"href":"https:\/\/www.davideblandino.it\/blog\/wp-json\/wp\/v2\/posts"}],"about":[{"href":"https:\/\/www.davideblandino.it\/blog\/wp-json\/wp\/v2\/types\/post"}],"author":[{"embeddable":true,"href":"https:\/\/www.davideblandino.it\/blog\/wp-json\/wp\/v2\/users\/1"}],"replies":[{"embeddable":true,"href":"https:\/\/www.davideblandino.it\/blog\/wp-json\/wp\/v2\/comments?post=313"}],"version-history":[{"count":5,"href":"https:\/\/www.davideblandino.it\/blog\/wp-json\/wp\/v2\/posts\/313\/revisions"}],"predecessor-version":[{"id":340,"href":"https:\/\/www.davideblandino.it\/blog\/wp-json\/wp\/v2\/posts\/313\/revisions\/340"}],"wp:featuredmedia":[{"embeddable":true,"href":"https:\/\/www.davideblandino.it\/blog\/wp-json\/wp\/v2\/media\/314"}],"wp:attachment":[{"href":"https:\/\/www.davideblandino.it\/blog\/wp-json\/wp\/v2\/media?parent=313"}],"wp:term":[{"taxonomy":"category","embeddable":true,"href":"https:\/\/www.davideblandino.it\/blog\/wp-json\/wp\/v2\/categories?post=313"},{"taxonomy":"post_tag","embeddable":true,"href":"https:\/\/www.davideblandino.it\/blog\/wp-json\/wp\/v2\/tags?post=313"}],"curies":[{"name":"wp","href":"https:\/\/api.w.org\/{rel}","templated":true}]}}